{"id":39717,"date":"2026-04-28T09:06:42","date_gmt":"2026-04-28T09:06:42","guid":{"rendered":"https:\/\/zskarlaiv.cz\/?p=39717"},"modified":"2026-04-28T09:06:42","modified_gmt":"2026-04-28T09:06:42","slug":"knihovna-iv-a","status":"publish","type":"post","link":"https:\/\/zskarlaiv.cz\/?p=39717","title":{"rendered":"Knihovna IV.A"},"content":{"rendered":"<p><span style=\"font-weight: 400;\">T\u0159\u00edda IV. A se minul\u00fd t\u00fdden vydala do d\u011btsk\u00e9 knihovny.&nbsp;<\/span><\/p>\n<p><span style=\"font-weight: 400;\">Cestu jsme zvl\u00e1dli p\u011b\u0161ky, a tak jsme krom\u011b nov\u00fdch z\u00e1\u017eitk\u016f podpo\u0159ili i pohyb na \u010derstv\u00e9m vzduchu.<\/span><\/p>\n<p><span style=\"font-weight: 400;\">V knihovn\u011b pro n\u00e1s byl p\u0159ipraven\u00fd skv\u011bl\u00fd program zam\u011b\u0159en\u00fd na komiksy a jejich hrdiny.&nbsp;<\/span><span style=\"font-weight: 400;\">&nbsp;D\u011bti se dozv\u011bd\u011bly spoustu zaj\u00edmavost\u00ed a s nad\u0161en\u00edm se zapojovaly do aktivit.<\/span><\/p>\n<p><span style=\"font-weight: 400;\">Na z\u00e1v\u011br si vyzkou\u0161ely i vlastn\u00ed tvorbu komiks\u016f \u2013 a vznikly opravdu origin\u00e1ln\u00ed a n\u00e1padit\u00e9 p\u0159\u00edb\u011bhy.&nbsp;<\/span><\/p>\n<p><span style=\"font-weight: 400;\">D\u011bkujeme knihovn\u011b za inspirativn\u00ed dopoledne!<\/span><\/p>\n<p><span style=\"font-weight: 400;\">Mgr. Pavl\u00edna Jir\u00e1tov\u00e1<\/span><\/p>\nngg_shortcode_0_placeholder\n","protected":false},"excerpt":{"rendered":"<p>T\u0159\u00edda IV. A se minul\u00fd t\u00fdden vydala do d\u011btsk\u00e9 knihovny.&nbsp; Cestu jsme zvl\u00e1dli p\u011b\u0161ky, a tak jsme krom\u011b nov\u00fdch z\u00e1\u017eitk\u016f podpo\u0159ili i pohyb na \u010derstv\u00e9m vzduchu. V knihovn\u011b pro n\u00e1s byl p\u0159ipraven\u00fd skv\u011bl\u00fd program zam\u011b\u0159en\u00fd na komiksy a jejich hrdiny.&nbsp;&nbsp;D\u011bti se dozv\u011bd\u011bly spoustu zaj\u00edmavost\u00ed a s nad\u0161en\u00edm se zapojovaly do aktivit. Na z\u00e1v\u011br si vyzkou\u0161ely <a class=\"read-more\" href=\"https:\/\/zskarlaiv.cz\/?p=39717\">\u010c\u00edst d\u00e1le&#8230;<\/a><\/p>\n","protected":false},"author":1,"featured_media":36194,"comment_status":"closed","ping_status":"open","sticky":false,"template":"","format":"standard","meta":{"ngg_post_thumbnail":0,"footnotes":""},"categories":[151,133],"tags":[],"class_list":["post-39717","post","type-post","status-publish","format-standard","has-post-thumbnail","hentry","category-fotogalerie-2025-26","category-stalo-se"],"_links":{"self":[{"href":"https:\/\/zskarlaiv.cz\/index.php?rest_route=\/wp\/v2\/posts\/39717","targetHints":{"allow":["GET"]}}],"collection":[{"href":"https:\/\/zskarlaiv.cz\/index.php?rest_route=\/wp\/v2\/posts"}],"about":[{"href":"https:\/\/zskarlaiv.cz\/index.php?rest_route=\/wp\/v2\/types\/post"}],"author":[{"embeddable":true,"href":"https:\/\/zskarlaiv.cz\/index.php?rest_route=\/wp\/v2\/users\/1"}],"replies":[{"embeddable":true,"href":"https:\/\/zskarlaiv.cz\/index.php?rest_route=%2Fwp%2Fv2%2Fcomments&post=39717"}],"version-history":[{"count":1,"href":"https:\/\/zskarlaiv.cz\/index.php?rest_route=\/wp\/v2\/posts\/39717\/revisions"}],"predecessor-version":[{"id":39752,"href":"https:\/\/zskarlaiv.cz\/index.php?rest_route=\/wp\/v2\/posts\/39717\/revisions\/39752"}],"wp:featuredmedia":[{"embeddable":true,"href":"https:\/\/zskarlaiv.cz\/index.php?rest_route=\/wp\/v2\/media\/36194"}],"wp:attachment":[{"href":"https:\/\/zskarlaiv.cz\/index.php?rest_route=%2Fwp%2Fv2%2Fmedia&parent=39717"}],"wp:term":[{"taxonomy":"category","embeddable":true,"href":"https:\/\/zskarlaiv.cz\/index.php?rest_route=%2Fwp%2Fv2%2Fcategories&post=39717"},{"taxonomy":"post_tag","embeddable":true,"href":"https:\/\/zskarlaiv.cz\/index.php?rest_route=%2Fwp%2Fv2%2Ftags&post=39717"}],"curies":[{"name":"wp","href":"https:\/\/api.w.org\/{rel}","templated":true}]}}