{"id":39356,"date":"2026-01-20T09:38:34","date_gmt":"2026-01-20T09:38:34","guid":{"rendered":"https:\/\/zskarlaiv.cz\/?p=39356"},"modified":"2026-01-20T09:38:34","modified_gmt":"2026-01-20T09:38:34","slug":"zimni-cas-ve-skolni-druzine","status":"publish","type":"post","link":"https:\/\/zskarlaiv.cz\/?p=39356","title":{"rendered":"Zimn\u00ed \u010das ve \u0161koln\u00ed dru\u017ein\u011b"},"content":{"rendered":"<p><span style=\"font-weight: 400;\">V na\u0161\u00ed dru\u017eince aktivn\u011b vyu\u017e\u00edv\u00e1me zimn\u00ed po\u010das\u00ed k pobytu na velk\u00e9 \u0161koln\u00ed zahrad\u011b. Tam si d\u011bti stav\u00ed sn\u011bhul\u00e1ky, kouluj\u00ed se, bobuj\u00ed nebo si zkou\u0161\u00ed postavit igl\u00fa. Tak\u00e9 jsme si spole\u010dn\u011b ud\u011blali mal\u00fd pokus. Do krabi\u010dek r\u016fzn\u00fdch velikost\u00ed jsme dali vodu a vlo\u017eili men\u0161\u00ed p\u0159edm\u011bty. Na okenn\u00edm parapetu jsme sledovali, jak se postupn\u011b voda m\u011bn\u00ed v led. A druh\u00fd den jsme m\u011bli kr\u00e1sn\u00e9 ledov\u00e9 obrazy.&nbsp;<\/span><\/p>\n<p>ngg_shortcode_0_placeholder<span style=\"font-weight: 400;\">Zimn\u00ed \u010das si prost\u011b u\u017e\u00edv\u00e1me.<\/span><\/p>\n<p>&nbsp;<\/p>\n","protected":false},"excerpt":{"rendered":"<p>V na\u0161\u00ed dru\u017eince aktivn\u011b vyu\u017e\u00edv\u00e1me zimn\u00ed po\u010das\u00ed k pobytu na velk\u00e9 \u0161koln\u00ed zahrad\u011b. Tam si d\u011bti stav\u00ed sn\u011bhul\u00e1ky, kouluj\u00ed se, bobuj\u00ed nebo si zkou\u0161\u00ed postavit igl\u00fa. Tak\u00e9 jsme si spole\u010dn\u011b ud\u011blali mal\u00fd pokus. Do krabi\u010dek r\u016fzn\u00fdch velikost\u00ed jsme dali vodu a vlo\u017eili men\u0161\u00ed p\u0159edm\u011bty. Na okenn\u00edm parapetu jsme sledovali, jak se postupn\u011b voda m\u011bn\u00ed v <a class=\"read-more\" href=\"https:\/\/zskarlaiv.cz\/?p=39356\">\u010c\u00edst d\u00e1le&#8230;<\/a><\/p>\n","protected":false},"author":1,"featured_media":36195,"comment_status":"closed","ping_status":"open","sticky":false,"template":"","format":"standard","meta":{"ngg_post_thumbnail":0,"footnotes":""},"categories":[71,151,133],"tags":[],"class_list":["post-39356","post","type-post","status-publish","format-standard","has-post-thumbnail","hentry","category-druzina","category-fotogalerie-2025-26","category-stalo-se"],"_links":{"self":[{"href":"https:\/\/zskarlaiv.cz\/index.php?rest_route=\/wp\/v2\/posts\/39356","targetHints":{"allow":["GET"]}}],"collection":[{"href":"https:\/\/zskarlaiv.cz\/index.php?rest_route=\/wp\/v2\/posts"}],"about":[{"href":"https:\/\/zskarlaiv.cz\/index.php?rest_route=\/wp\/v2\/types\/post"}],"author":[{"embeddable":true,"href":"https:\/\/zskarlaiv.cz\/index.php?rest_route=\/wp\/v2\/users\/1"}],"replies":[{"embeddable":true,"href":"https:\/\/zskarlaiv.cz\/index.php?rest_route=%2Fwp%2Fv2%2Fcomments&post=39356"}],"version-history":[{"count":1,"href":"https:\/\/zskarlaiv.cz\/index.php?rest_route=\/wp\/v2\/posts\/39356\/revisions"}],"predecessor-version":[{"id":39381,"href":"https:\/\/zskarlaiv.cz\/index.php?rest_route=\/wp\/v2\/posts\/39356\/revisions\/39381"}],"wp:featuredmedia":[{"embeddable":true,"href":"https:\/\/zskarlaiv.cz\/index.php?rest_route=\/wp\/v2\/media\/36195"}],"wp:attachment":[{"href":"https:\/\/zskarlaiv.cz\/index.php?rest_route=%2Fwp%2Fv2%2Fmedia&parent=39356"}],"wp:term":[{"taxonomy":"category","embeddable":true,"href":"https:\/\/zskarlaiv.cz\/index.php?rest_route=%2Fwp%2Fv2%2Fcategories&post=39356"},{"taxonomy":"post_tag","embeddable":true,"href":"https:\/\/zskarlaiv.cz\/index.php?rest_route=%2Fwp%2Fv2%2Ftags&post=39356"}],"curies":[{"name":"wp","href":"https:\/\/api.w.org\/{rel}","templated":true}]}}