{"id":39240,"date":"2025-12-02T14:14:56","date_gmt":"2025-12-02T14:14:56","guid":{"rendered":"https:\/\/zskarlaiv.cz\/?p=39240"},"modified":"2025-12-02T14:14:56","modified_gmt":"2025-12-02T14:14:56","slug":"skolni-forum-na-nasi-skole-zaci-ukazali-ze-jejich-hlas-ma-vyznam-%f0%9f%8e%a4","status":"publish","type":"post","link":"https:\/\/zskarlaiv.cz\/?p=39240","title":{"rendered":"\u0160koln\u00ed f\u00f3rum na na\u0161\u00ed \u0161kole: \u017d\u00e1ci uk\u00e1zali, \u017ee jejich hlas m\u00e1 v\u00fdznam \ud83c\udfa4"},"content":{"rendered":"<p><span style=\"font-weight: 400;\">Dne 14. 11. se na na\u0161\u00ed \u0161kole uskute\u010dnil prvn\u00ed ro\u010dn\u00edk <\/span><b>\u0160koln\u00edho f\u00f3ra<\/b><span style=\"font-weight: 400;\"> ve spolupr\u00e1ci s organizac\u00ed <\/span><b>Zdrav\u00e1 m\u011bsta, obce a regiony \u010cesk\u00e9 republiky<\/b><span style=\"font-weight: 400;\">. Akce byla zam\u011b\u0159ena na podporu aktivn\u00edho zapojen\u00ed \u017e\u00e1k\u016f do \u0161koln\u00edho i m\u00edstn\u00edho d\u011bn\u00ed a nab\u00eddla prostor pro otev\u0159enou diskusi o t\u00e9matech, kter\u00e1 jsou pro n\u011b d\u016fle\u017eit\u00e1.<\/span><\/p>\n<p><span style=\"font-weight: 400;\">D\u011bkujeme panu <\/span><b>Mgr. Hermannovi<\/b><span style=\"font-weight: 400;\">, p\u0159edsedovi komise Zdrav\u00e9 m\u011bsto, kter\u00fd celou akc\u00ed prov\u00e1zel s profesion\u00e1ln\u00edm a vst\u0159\u00edcn\u00fdm p\u0159\u00edstupem. Pod\u011bkov\u00e1n\u00ed pat\u0159\u00ed tak\u00e9 z\u00e1stupc\u016fm <\/span><b>st\u0159ekovsk\u00e9 radnice<\/b><span style=\"font-weight: 400;\"> za jejich n\u00e1v\u0161t\u011bvu i za odm\u011bny pro na\u0161e \u017e\u00e1ky. V\u00e1\u017e\u00edme si rovn\u011b\u017e podpory pana \u0159editele a pana starosty, kte\u0159\u00ed byli ochotni naslouchat n\u00e1vrh\u016fm \u017e\u00e1k\u016f a p\u0159em\u00fd\u0161let o mo\u017enostech jejich realizace.<\/span><\/p>\n<p><span style=\"font-weight: 400;\">Zvl\u00e1\u0161tn\u00ed pod\u011bkov\u00e1n\u00ed pat\u0159\u00ed v\u0161em <\/span><b>aktivn\u011b zapojen\u00fdm \u017e\u00e1k\u016fm<\/b><span style=\"font-weight: 400;\">, kte\u0159\u00ed se neb\u00e1li vyj\u00e1d\u0159it sv\u00e9 n\u00e1zory, diskutovat a spolupracovat. \ud83d\udc4f<\/span><\/p>\n<p>&nbsp;<\/p>\n<h3><b>Pr\u016fb\u011bh akce<\/b><\/h3>\n<p>&nbsp;<\/p>\n<p><b>Prvn\u00ed blok<\/b><span style=\"font-weight: 400;\"> byl v\u011bnov\u00e1n n\u00e1vrh\u016fm na zlep\u0161en\u00ed prost\u0159ed\u00ed \u0161koly. \u017d\u00e1ci p\u0159i\u0161li s celou \u0159adou podn\u011bt\u016f \u2013 nap\u0159\u00edklad pohodln\u011bj\u0161\u00edmi \u017eidlemi, zaveden\u00edm \u010dip\u016f na ob\u011bdy, otev\u0159en\u00edm \u0161koln\u00edho bufetu nebo um\u00edst\u011bn\u00edm automat\u016f s ob\u010derstven\u00edm.<\/span><\/p>\n<p><b>B\u011bhem p\u0159est\u00e1vky<\/b><span style=\"font-weight: 400;\"> se \u00fa\u010dastn\u00edci mohli ob\u010derstvit a prohl\u00e9dnout si tematickou v\u00fdzdobu. Ta obsahovala informace, kter\u00e9 se jim pozd\u011bji hodily ve <\/span><b>v\u011bdomostn\u00edm kv\u00edzu<\/b><span style=\"font-weight: 400;\">. \ud83e\udde9<\/span><\/p>\n<p><b>Druh\u00fd blok<\/b><span style=\"font-weight: 400;\"> se soust\u0159edil na n\u00e1pady t\u00fdkaj\u00edc\u00ed se zlep\u0161en\u00ed \u017eivota na <\/span><b>St\u0159ekov\u011b<\/b><span style=\"font-weight: 400;\">. \u017d\u00e1ci diskutovali o ve\u0159ejn\u00fdch prostranstv\u00edch, bezpe\u010dnosti, volno\u010dasov\u00fdch aktivit\u00e1ch i dal\u0161\u00edch t\u00e9matech, kter\u00e1 ovliv\u0148uj\u00ed \u017eivot obyvatel m\u011bstsk\u00e9 \u010d\u00e1sti.<\/span><\/p>\n<p><span style=\"font-weight: 400;\">D\u00edky spole\u010dn\u00e9mu \u00fasil\u00ed v\u0161ech z\u00fa\u010dastn\u011bn\u00fdch vzniklo inspirativn\u00ed prost\u0159ed\u00ed, ve kter\u00e9m se \u017e\u00e1ci mohli p\u0159esv\u011bd\u010dit, \u017ee <\/span><b>jejich n\u00e1zor m\u00e1 skute\u010dnou v\u00e1hu<\/b><span style=\"font-weight: 400;\">. \ud83c\udf1f<\/span><\/p>\nngg_shortcode_0_placeholder\n","protected":false},"excerpt":{"rendered":"<p>Dne 14. 11. se na na\u0161\u00ed \u0161kole uskute\u010dnil prvn\u00ed ro\u010dn\u00edk \u0160koln\u00edho f\u00f3ra ve spolupr\u00e1ci s organizac\u00ed Zdrav\u00e1 m\u011bsta, obce a regiony \u010cesk\u00e9 republiky. Akce byla zam\u011b\u0159ena na podporu aktivn\u00edho zapojen\u00ed \u017e\u00e1k\u016f do \u0161koln\u00edho i m\u00edstn\u00edho d\u011bn\u00ed a nab\u00eddla prostor pro otev\u0159enou diskusi o t\u00e9matech, kter\u00e1 jsou pro n\u011b d\u016fle\u017eit\u00e1. D\u011bkujeme panu Mgr. Hermannovi, p\u0159edsedovi komise <a class=\"read-more\" href=\"https:\/\/zskarlaiv.cz\/?p=39240\">\u010c\u00edst d\u00e1le&#8230;<\/a><\/p>\n","protected":false},"author":1,"featured_media":36190,"comment_status":"closed","ping_status":"open","sticky":false,"template":"","format":"standard","meta":{"ngg_post_thumbnail":0,"footnotes":""},"categories":[151,17,133],"tags":[],"class_list":["post-39240","post","type-post","status-publish","format-standard","has-post-thumbnail","hentry","category-fotogalerie-2025-26","category-parlament","category-stalo-se"],"_links":{"self":[{"href":"https:\/\/zskarlaiv.cz\/index.php?rest_route=\/wp\/v2\/posts\/39240","targetHints":{"allow":["GET"]}}],"collection":[{"href":"https:\/\/zskarlaiv.cz\/index.php?rest_route=\/wp\/v2\/posts"}],"about":[{"href":"https:\/\/zskarlaiv.cz\/index.php?rest_route=\/wp\/v2\/types\/post"}],"author":[{"embeddable":true,"href":"https:\/\/zskarlaiv.cz\/index.php?rest_route=\/wp\/v2\/users\/1"}],"replies":[{"embeddable":true,"href":"https:\/\/zskarlaiv.cz\/index.php?rest_route=%2Fwp%2Fv2%2Fcomments&post=39240"}],"version-history":[{"count":1,"href":"https:\/\/zskarlaiv.cz\/index.php?rest_route=\/wp\/v2\/posts\/39240\/revisions"}],"predecessor-version":[{"id":39263,"href":"https:\/\/zskarlaiv.cz\/index.php?rest_route=\/wp\/v2\/posts\/39240\/revisions\/39263"}],"wp:featuredmedia":[{"embeddable":true,"href":"https:\/\/zskarlaiv.cz\/index.php?rest_route=\/wp\/v2\/media\/36190"}],"wp:attachment":[{"href":"https:\/\/zskarlaiv.cz\/index.php?rest_route=%2Fwp%2Fv2%2Fmedia&parent=39240"}],"wp:term":[{"taxonomy":"category","embeddable":true,"href":"https:\/\/zskarlaiv.cz\/index.php?rest_route=%2Fwp%2Fv2%2Fcategories&post=39240"},{"taxonomy":"post_tag","embeddable":true,"href":"https:\/\/zskarlaiv.cz\/index.php?rest_route=%2Fwp%2Fv2%2Ftags&post=39240"}],"curies":[{"name":"wp","href":"https:\/\/api.w.org\/{rel}","templated":true}]}}