{"id":39232,"date":"2025-12-02T14:12:24","date_gmt":"2025-12-02T14:12:24","guid":{"rendered":"https:\/\/zskarlaiv.cz\/?p=39232"},"modified":"2025-12-02T14:12:24","modified_gmt":"2025-12-02T14:12:24","slug":"rozsviceni-vanocniho-stromku-na-strekove-ozdobily-deti-ze-skolniho-sboru","status":"publish","type":"post","link":"https:\/\/zskarlaiv.cz\/?p=39232","title":{"rendered":"Rozsv\u00edcen\u00ed v\u00e1no\u010dn\u00edho stromku na St\u0159ekov\u011b ozdobily d\u011bti ze \u0161koln\u00edho sboru"},"content":{"rendered":"<p><span style=\"font-weight: 400;\">V sobotu se na St\u0159ekov\u011b uskute\u010dnilo tradi\u010dn\u00ed rozsv\u00edcen\u00ed v\u00e1no\u010dn\u00edho stromku, kter\u00e9 p\u0159il\u00e1kalo mnoho m\u00edstn\u00edch obyvatel i n\u00e1v\u0161t\u011bvn\u00edk\u016f. Akce prob\u011bhla v p\u0159\u00edjemn\u00e9 p\u0159edv\u00e1no\u010dn\u00ed atmosf\u00e9\u0159e a nechyb\u011blo ani vystoupen\u00ed na\u0161eho \u0161koln\u00edho p\u011bveck\u00e9ho sboru, kter\u00fd tvo\u0159\u00ed d\u011bti od 1. do 6. t\u0159\u00eddy.<\/span><\/p>\n<p><span style=\"font-weight: 400;\">D\u011bti si pro publikum p\u0159ipravily n\u011bkolik kr\u00e1sn\u00fdch v\u00e1no\u010dn\u00edch p\u00edsn\u00ed. Jejich zp\u011bv doprov\u00e1zel \u017eiv\u00fd hudebn\u00ed doprovod v podob\u011b klav\u00edru, basov\u00e9 kytary, akustick\u00e9 kytary a fl\u00e9ten, co\u017e vystoupen\u00ed dodalo slavnostn\u00ed a z\u00e1rove\u0148 velmi p\u0159\u00edjemn\u00fd charakter. Na m\u00edst\u011b panovala opravdu h\u0159ejiv\u00e1 sv\u00e1te\u010dn\u00ed n\u00e1lada.<\/span><\/p>\n<p><span style=\"font-weight: 400;\">Cel\u00fd program byl kr\u00e1sn\u00fdm zah\u00e1jen\u00edm adventn\u00edho obdob\u00ed a vystoupen\u00ed d\u011bt\u00ed se setkalo s velk\u00fdm potleskem. Pro mal\u00e9 zp\u011bv\u00e1\u010dky to byl nezapomenuteln\u00fd z\u00e1\u017eitek a pro div\u00e1ky p\u0159\u00edjemn\u00e9 zpest\u0159en\u00ed sobotn\u00edho odpoledne.<\/span><\/p>\n<p><span style=\"font-weight: 400;\">D\u011bkujeme&nbsp; koleg\u016fm, kte\u0159\u00ed se na vystoupen\u00ed pod\u00edleli.<\/span><\/p>\n<p><span style=\"font-weight: 400;\">Mgr. Jitka Mat\u011bjkov\u00e1, Mgr. Pavla Kuncov\u00e1<\/span><\/p>\nngg_shortcode_0_placeholder\n","protected":false},"excerpt":{"rendered":"<p>V sobotu se na St\u0159ekov\u011b uskute\u010dnilo tradi\u010dn\u00ed rozsv\u00edcen\u00ed v\u00e1no\u010dn\u00edho stromku, kter\u00e9 p\u0159il\u00e1kalo mnoho m\u00edstn\u00edch obyvatel i n\u00e1v\u0161t\u011bvn\u00edk\u016f. Akce prob\u011bhla v p\u0159\u00edjemn\u00e9 p\u0159edv\u00e1no\u010dn\u00ed atmosf\u00e9\u0159e a nechyb\u011blo ani vystoupen\u00ed na\u0161eho \u0161koln\u00edho p\u011bveck\u00e9ho sboru, kter\u00fd tvo\u0159\u00ed d\u011bti od 1. do 6. t\u0159\u00eddy. D\u011bti si pro publikum p\u0159ipravily n\u011bkolik kr\u00e1sn\u00fdch v\u00e1no\u010dn\u00edch p\u00edsn\u00ed. Jejich zp\u011bv doprov\u00e1zel \u017eiv\u00fd hudebn\u00ed doprovod v <a class=\"read-more\" href=\"https:\/\/zskarlaiv.cz\/?p=39232\">\u010c\u00edst d\u00e1le&#8230;<\/a><\/p>\n","protected":false},"author":1,"featured_media":36195,"comment_status":"closed","ping_status":"open","sticky":false,"template":"","format":"standard","meta":{"ngg_post_thumbnail":0,"footnotes":""},"categories":[151,133],"tags":[],"class_list":["post-39232","post","type-post","status-publish","format-standard","has-post-thumbnail","hentry","category-fotogalerie-2025-26","category-stalo-se"],"_links":{"self":[{"href":"https:\/\/zskarlaiv.cz\/index.php?rest_route=\/wp\/v2\/posts\/39232","targetHints":{"allow":["GET"]}}],"collection":[{"href":"https:\/\/zskarlaiv.cz\/index.php?rest_route=\/wp\/v2\/posts"}],"about":[{"href":"https:\/\/zskarlaiv.cz\/index.php?rest_route=\/wp\/v2\/types\/post"}],"author":[{"embeddable":true,"href":"https:\/\/zskarlaiv.cz\/index.php?rest_route=\/wp\/v2\/users\/1"}],"replies":[{"embeddable":true,"href":"https:\/\/zskarlaiv.cz\/index.php?rest_route=%2Fwp%2Fv2%2Fcomments&post=39232"}],"version-history":[{"count":1,"href":"https:\/\/zskarlaiv.cz\/index.php?rest_route=\/wp\/v2\/posts\/39232\/revisions"}],"predecessor-version":[{"id":39239,"href":"https:\/\/zskarlaiv.cz\/index.php?rest_route=\/wp\/v2\/posts\/39232\/revisions\/39239"}],"wp:featuredmedia":[{"embeddable":true,"href":"https:\/\/zskarlaiv.cz\/index.php?rest_route=\/wp\/v2\/media\/36195"}],"wp:attachment":[{"href":"https:\/\/zskarlaiv.cz\/index.php?rest_route=%2Fwp%2Fv2%2Fmedia&parent=39232"}],"wp:term":[{"taxonomy":"category","embeddable":true,"href":"https:\/\/zskarlaiv.cz\/index.php?rest_route=%2Fwp%2Fv2%2Fcategories&post=39232"},{"taxonomy":"post_tag","embeddable":true,"href":"https:\/\/zskarlaiv.cz\/index.php?rest_route=%2Fwp%2Fv2%2Ftags&post=39232"}],"curies":[{"name":"wp","href":"https:\/\/api.w.org\/{rel}","templated":true}]}}