{"id":39191,"date":"2025-11-27T12:24:07","date_gmt":"2025-11-27T12:24:07","guid":{"rendered":"https:\/\/zskarlaiv.cz\/?p=39191"},"modified":"2025-11-27T12:24:07","modified_gmt":"2025-11-27T12:24:07","slug":"studenti-z-ujepu-predstavili-zakovskemu-parlamentu-projekt-moje-ucka","status":"publish","type":"post","link":"https:\/\/zskarlaiv.cz\/?p=39191","title":{"rendered":"Studenti z UJEPu p\u0159edstavili \u017e\u00e1kovsk\u00e9mu parlamentu projekt Moje \u00da\u010dka"},"content":{"rendered":"<p>&nbsp;<\/p>\n<p><span style=\"font-weight: 400;\">Ve \u010dtvrtek 20. 11. nav\u0161t\u00edvili n\u00e1\u0161 \u017e\u00e1kovsk\u00fd parlament studenti z UJEPu, aby p\u0159edstavili sv\u016fj projekt <\/span><b>Moje \u00da\u010dka<\/b><span style=\"font-weight: 400;\"> (<\/span><a href=\"http:\/\/www.mojeucka.cz\/\"><span style=\"font-weight: 400;\">www.mojeucka.cz<\/span><\/a><span style=\"font-weight: 400;\">). Tento inovativn\u00ed projekt funguje na principu <\/span><b>dobrovoln\u00fdch v\u00fdzev<\/b><span style=\"font-weight: 400;\"> pro obyvatele \u00dast\u00ed nad Labem, kter\u00e9 p\u0159isp\u00edvaj\u00ed ke zlep\u0161ov\u00e1n\u00ed ve\u0159ejn\u00fdch prostor \u2013 nap\u0159\u00edklad barven\u00edm lavi\u010dek \u010di jin\u00fdmi drobn\u00fdmi \u00fapravami.<\/span><\/p>\n<p><span style=\"font-weight: 400;\">Za spln\u011bn\u00ed v\u00fdzev mohou \u00fa\u010dastn\u00edci z\u00edskat <\/span><b>digit\u00e1ln\u00ed m\u011bnu \u00da\u010dka<\/b><span style=\"font-weight: 400;\">, kterou lze n\u00e1sledn\u011b prom\u011bnit za poukazy do vybran\u00fdch \u00fasteck\u00fdch podnik\u016f. \ud83c\udf81<\/span><\/p>\n<p><span style=\"font-weight: 400;\">Na\u0161i \u017e\u00e1ci byli z n\u00e1padu nad\u0161en\u00ed \u2013 okam\u017eit\u011b si aplikaci stahovali a zkoumali jej\u00ed mo\u017enosti. Projekt si rychle z\u00edskal jejich pozornost i sympatie a prezentace byla zakon\u010dena zaslou\u017een\u00fdm potleskem. \ud83d\udc4f<\/span><\/p>\n<p><span style=\"font-weight: 400;\">D\u011bkujeme student\u016fm z UJEPu za n\u00e1v\u0161t\u011bvu, inspirativn\u00ed prezentaci a motivaci k aktivn\u00edmu zapojen\u00ed do d\u011bn\u00ed ve m\u011bst\u011b! \ud83c\udf3f<\/span><\/p>\nngg_shortcode_0_placeholder\n","protected":false},"excerpt":{"rendered":"<p>&nbsp; Ve \u010dtvrtek 20. 11. nav\u0161t\u00edvili n\u00e1\u0161 \u017e\u00e1kovsk\u00fd parlament studenti z UJEPu, aby p\u0159edstavili sv\u016fj projekt Moje \u00da\u010dka (www.mojeucka.cz). Tento inovativn\u00ed projekt funguje na principu dobrovoln\u00fdch v\u00fdzev pro obyvatele \u00dast\u00ed nad Labem, kter\u00e9 p\u0159isp\u00edvaj\u00ed ke zlep\u0161ov\u00e1n\u00ed ve\u0159ejn\u00fdch prostor \u2013 nap\u0159\u00edklad barven\u00edm lavi\u010dek \u010di jin\u00fdmi drobn\u00fdmi \u00fapravami. Za spln\u011bn\u00ed v\u00fdzev mohou \u00fa\u010dastn\u00edci z\u00edskat digit\u00e1ln\u00ed m\u011bnu \u00da\u010dka, <a class=\"read-more\" href=\"https:\/\/zskarlaiv.cz\/?p=39191\">\u010c\u00edst d\u00e1le&#8230;<\/a><\/p>\n","protected":false},"author":1,"featured_media":36190,"comment_status":"closed","ping_status":"open","sticky":false,"template":"","format":"standard","meta":{"ngg_post_thumbnail":0,"footnotes":""},"categories":[151,133],"tags":[],"class_list":["post-39191","post","type-post","status-publish","format-standard","has-post-thumbnail","hentry","category-fotogalerie-2025-26","category-stalo-se"],"_links":{"self":[{"href":"https:\/\/zskarlaiv.cz\/index.php?rest_route=\/wp\/v2\/posts\/39191","targetHints":{"allow":["GET"]}}],"collection":[{"href":"https:\/\/zskarlaiv.cz\/index.php?rest_route=\/wp\/v2\/posts"}],"about":[{"href":"https:\/\/zskarlaiv.cz\/index.php?rest_route=\/wp\/v2\/types\/post"}],"author":[{"embeddable":true,"href":"https:\/\/zskarlaiv.cz\/index.php?rest_route=\/wp\/v2\/users\/1"}],"replies":[{"embeddable":true,"href":"https:\/\/zskarlaiv.cz\/index.php?rest_route=%2Fwp%2Fv2%2Fcomments&post=39191"}],"version-history":[{"count":1,"href":"https:\/\/zskarlaiv.cz\/index.php?rest_route=\/wp\/v2\/posts\/39191\/revisions"}],"predecessor-version":[{"id":39198,"href":"https:\/\/zskarlaiv.cz\/index.php?rest_route=\/wp\/v2\/posts\/39191\/revisions\/39198"}],"wp:featuredmedia":[{"embeddable":true,"href":"https:\/\/zskarlaiv.cz\/index.php?rest_route=\/wp\/v2\/media\/36190"}],"wp:attachment":[{"href":"https:\/\/zskarlaiv.cz\/index.php?rest_route=%2Fwp%2Fv2%2Fmedia&parent=39191"}],"wp:term":[{"taxonomy":"category","embeddable":true,"href":"https:\/\/zskarlaiv.cz\/index.php?rest_route=%2Fwp%2Fv2%2Fcategories&post=39191"},{"taxonomy":"post_tag","embeddable":true,"href":"https:\/\/zskarlaiv.cz\/index.php?rest_route=%2Fwp%2Fv2%2Ftags&post=39191"}],"curies":[{"name":"wp","href":"https:\/\/api.w.org\/{rel}","templated":true}]}}