{"id":39083,"date":"2025-11-13T19:23:44","date_gmt":"2025-11-13T19:23:44","guid":{"rendered":"http:\/\/zskarlaiv.cz\/?p=39083"},"modified":"2025-11-13T19:23:44","modified_gmt":"2025-11-13T19:23:44","slug":"%f0%9f%8e%83-halloweenske-odpoledne-pro-rodice-a-deti-%f0%9f%91%bb","status":"publish","type":"post","link":"https:\/\/zskarlaiv.cz\/?p=39083","title":{"rendered":"\ud83c\udf83 Halloweensk\u00e9 odpoledne pro rodi\u010de a d\u011bti \ud83d\udc7b"},"content":{"rendered":"<p><span style=\"font-weight: 400;\">Na\u0161e \u0161kola si p\u0159ipravila halloweensk\u00e9 odpoledne, kter\u00e9 bylo ur\u010deno rodi\u010d\u016fm s d\u011btmi. Po cel\u00e9 \u0161kole byla rozm\u00edst\u011bna stanovi\u0161t\u011b s nejr\u016fzn\u011bj\u0161\u00edmi \u00fakoly, za jejich\u017e spln\u011bn\u00ed \u010dekala na d\u011bti drobn\u00e1 odm\u011bna.<\/span><\/p>\n<p><span style=\"font-weight: 400;\">Rodi\u010de tak m\u011bli mo\u017enost proj\u00edt si celou \u0161kolu, nahl\u00e9dnout do t\u0159\u00edd a spole\u010dn\u011b s d\u011btmi si u\u017e\u00edt atmosf\u00e9ru plnou her, sm\u00edchu a stra\u0161ideln\u00fdch kost\u00fdm\u016f.<\/span><\/p>\n<p><span style=\"font-weight: 400;\">Cel\u00e1 akce se velmi povedla \u2013 d\u011bkujeme v\u0161em, kte\u0159\u00ed se zapojili, pom\u00e1hali s organizac\u00ed a p\u0159i\u0161li si u\u017e\u00edt kr\u00e1sn\u00e9 halloweensk\u00e9 odpoledne. \ud83c\udf83\ud83d\udd78\ufe0f\ud83e\udd87<\/span><\/p>\nngg_shortcode_0_placeholder\n","protected":false},"excerpt":{"rendered":"<p>Na\u0161e \u0161kola si p\u0159ipravila halloweensk\u00e9 odpoledne, kter\u00e9 bylo ur\u010deno rodi\u010d\u016fm s d\u011btmi. Po cel\u00e9 \u0161kole byla rozm\u00edst\u011bna stanovi\u0161t\u011b s nejr\u016fzn\u011bj\u0161\u00edmi \u00fakoly, za jejich\u017e spln\u011bn\u00ed \u010dekala na d\u011bti drobn\u00e1 odm\u011bna. Rodi\u010de tak m\u011bli mo\u017enost proj\u00edt si celou \u0161kolu, nahl\u00e9dnout do t\u0159\u00edd a spole\u010dn\u011b s d\u011btmi si u\u017e\u00edt atmosf\u00e9ru plnou her, sm\u00edchu a stra\u0161ideln\u00fdch kost\u00fdm\u016f. Cel\u00e1 akce <a class=\"read-more\" href=\"https:\/\/zskarlaiv.cz\/?p=39083\">\u010c\u00edst d\u00e1le&#8230;<\/a><\/p>\n","protected":false},"author":1,"featured_media":36195,"comment_status":"closed","ping_status":"open","sticky":false,"template":"","format":"standard","meta":{"ngg_post_thumbnail":0,"footnotes":""},"categories":[151,133],"tags":[],"class_list":["post-39083","post","type-post","status-publish","format-standard","has-post-thumbnail","hentry","category-fotogalerie-2025-26","category-stalo-se"],"_links":{"self":[{"href":"https:\/\/zskarlaiv.cz\/index.php?rest_route=\/wp\/v2\/posts\/39083","targetHints":{"allow":["GET"]}}],"collection":[{"href":"https:\/\/zskarlaiv.cz\/index.php?rest_route=\/wp\/v2\/posts"}],"about":[{"href":"https:\/\/zskarlaiv.cz\/index.php?rest_route=\/wp\/v2\/types\/post"}],"author":[{"embeddable":true,"href":"https:\/\/zskarlaiv.cz\/index.php?rest_route=\/wp\/v2\/users\/1"}],"replies":[{"embeddable":true,"href":"https:\/\/zskarlaiv.cz\/index.php?rest_route=%2Fwp%2Fv2%2Fcomments&post=39083"}],"version-history":[{"count":1,"href":"https:\/\/zskarlaiv.cz\/index.php?rest_route=\/wp\/v2\/posts\/39083\/revisions"}],"predecessor-version":[{"id":39120,"href":"https:\/\/zskarlaiv.cz\/index.php?rest_route=\/wp\/v2\/posts\/39083\/revisions\/39120"}],"wp:featuredmedia":[{"embeddable":true,"href":"https:\/\/zskarlaiv.cz\/index.php?rest_route=\/wp\/v2\/media\/36195"}],"wp:attachment":[{"href":"https:\/\/zskarlaiv.cz\/index.php?rest_route=%2Fwp%2Fv2%2Fmedia&parent=39083"}],"wp:term":[{"taxonomy":"category","embeddable":true,"href":"https:\/\/zskarlaiv.cz\/index.php?rest_route=%2Fwp%2Fv2%2Fcategories&post=39083"},{"taxonomy":"post_tag","embeddable":true,"href":"https:\/\/zskarlaiv.cz\/index.php?rest_route=%2Fwp%2Fv2%2Ftags&post=39083"}],"curies":[{"name":"wp","href":"https:\/\/api.w.org\/{rel}","templated":true}]}}