{"id":38287,"date":"2025-08-15T18:57:11","date_gmt":"2025-08-15T18:57:11","guid":{"rendered":"http:\/\/zskarlaiv.cz\/?p=38287"},"modified":"2025-08-15T18:57:47","modified_gmt":"2025-08-15T18:57:47","slug":"vylet-na-hrad-strekov-3-tridy","status":"publish","type":"post","link":"https:\/\/zskarlaiv.cz\/?p=38287","title":{"rendered":"V\u00fdlet na hrad St\u0159ekov 3. t\u0159\u00eddy"},"content":{"rendered":"\n<p>T\u0159e\u0165\u00e1ci se p\u0159edposledn\u00ed t\u00fdden \u0161koly vydali na hrad St\u0159ekov. Na hrad\u011b n\u00e1s v\u0161echny uchv\u00e1til v\u00fdhled do krajiny a posva\u010dili jsme na terase. Na konci n\u00e1v\u0161t\u011bvy hradu jsme si dali v\u00fdbornou zmrzlinu. Proch\u00e1zku jsme spojili i s&nbsp;n\u00e1v\u0161t\u011bvou h\u0159i\u0161t\u011b, kde se \u017e\u00e1ci vydov\u00e1d\u011bli. Po\u010das\u00ed n\u00e1m p\u0159\u00e1lo a \u017e\u00e1ci si den u\u017eili.&nbsp;<br><\/p>\n\n\n\n<p>Mgr. Pavl\u00edna Jir\u00e1tov\u00e1, Mgr. Pavla Kuncov\u00e1<\/p>\n\n\n\nngg_shortcode_0_placeholder\n<p>25<\/p>\n\n\n\n<p><br><\/p>\n","protected":false},"excerpt":{"rendered":"<p>T\u0159e\u0165\u00e1ci se p\u0159edposledn\u00ed t\u00fdden \u0161koly vydali na hrad St\u0159ekov. Na hrad\u011b n\u00e1s v\u0161echny uchv\u00e1til v\u00fdhled do krajiny a posva\u010dili jsme na terase. Na konci n\u00e1v\u0161t\u011bvy hradu jsme si dali v\u00fdbornou zmrzlinu. Proch\u00e1zku jsme spojili i s&nbsp;n\u00e1v\u0161t\u011bvou h\u0159i\u0161t\u011b, kde se \u017e\u00e1ci vydov\u00e1d\u011bli. Po\u010das\u00ed n\u00e1m p\u0159\u00e1lo a \u017e\u00e1ci si den u\u017eili.&nbsp; Mgr. Pavl\u00edna Jir\u00e1tov\u00e1, Mgr. Pavla Kuncov\u00e1<\/p>\n","protected":false},"author":1,"featured_media":36185,"comment_status":"closed","ping_status":"open","sticky":false,"template":"","format":"standard","meta":{"ngg_post_thumbnail":0,"footnotes":""},"categories":[150,147,133],"tags":[],"class_list":["post-38287","post","type-post","status-publish","format-standard","has-post-thumbnail","hentry","category-fotogalerie-2024-25","category-spolecne","category-stalo-se"],"_links":{"self":[{"href":"https:\/\/zskarlaiv.cz\/index.php?rest_route=\/wp\/v2\/posts\/38287","targetHints":{"allow":["GET"]}}],"collection":[{"href":"https:\/\/zskarlaiv.cz\/index.php?rest_route=\/wp\/v2\/posts"}],"about":[{"href":"https:\/\/zskarlaiv.cz\/index.php?rest_route=\/wp\/v2\/types\/post"}],"author":[{"embeddable":true,"href":"https:\/\/zskarlaiv.cz\/index.php?rest_route=\/wp\/v2\/users\/1"}],"replies":[{"embeddable":true,"href":"https:\/\/zskarlaiv.cz\/index.php?rest_route=%2Fwp%2Fv2%2Fcomments&post=38287"}],"version-history":[{"count":2,"href":"https:\/\/zskarlaiv.cz\/index.php?rest_route=\/wp\/v2\/posts\/38287\/revisions"}],"predecessor-version":[{"id":38304,"href":"https:\/\/zskarlaiv.cz\/index.php?rest_route=\/wp\/v2\/posts\/38287\/revisions\/38304"}],"wp:featuredmedia":[{"embeddable":true,"href":"https:\/\/zskarlaiv.cz\/index.php?rest_route=\/wp\/v2\/media\/36185"}],"wp:attachment":[{"href":"https:\/\/zskarlaiv.cz\/index.php?rest_route=%2Fwp%2Fv2%2Fmedia&parent=38287"}],"wp:term":[{"taxonomy":"category","embeddable":true,"href":"https:\/\/zskarlaiv.cz\/index.php?rest_route=%2Fwp%2Fv2%2Fcategories&post=38287"},{"taxonomy":"post_tag","embeddable":true,"href":"https:\/\/zskarlaiv.cz\/index.php?rest_route=%2Fwp%2Fv2%2Ftags&post=38287"}],"curies":[{"name":"wp","href":"https:\/\/api.w.org\/{rel}","templated":true}]}}