{"id":38159,"date":"2025-06-24T16:59:01","date_gmt":"2025-06-24T16:59:01","guid":{"rendered":"http:\/\/zskarlaiv.cz\/?p=38159"},"modified":"2025-06-24T16:59:03","modified_gmt":"2025-06-24T16:59:03","slug":"jaro-ve-skolni-druzine","status":"publish","type":"post","link":"https:\/\/zskarlaiv.cz\/?p=38159","title":{"rendered":"Jaro ve \u0161koln\u00ed dru\u017ein\u011b"},"content":{"rendered":"<p><span style=\"font-weight: 400;\">Jarn\u00ed \u010das jsme si u\u017eili naplno &#8211; hodn\u011b jsme malovali, tvo\u0159ili, vyr\u00e1b\u011bli d\u00e1rky pro rodi\u010de a prarodi\u010de, u\u017e\u00edvali jsme si \u0161koln\u00ed zahradu. Podnikli jsme sobotn\u00ed v\u00fdlet vlakem do Litom\u011b\u0159ic \u010di za\u017eili indi\u00e1nsk\u00e9 nocov\u00e1n\u00ed v dru\u017ein\u011b. Nechyb\u011blo ani sout\u011b\u017en\u00ed odpoledne ke Dni d\u011bt\u00ed. Zkr\u00e1tka na nudu jsme nem\u011bli \u010das. Ale te\u010f u\u017e se t\u011b\u0161\u00edme na pr\u00e1zdniny a \u010das str\u00e1ven\u00fd s rodi\u010di.<\/span><\/p>\nngg_shortcode_0_placeholder\n","protected":false},"excerpt":{"rendered":"<p>Jarn\u00ed \u010das jsme si u\u017eili naplno &#8211; hodn\u011b jsme malovali, tvo\u0159ili, vyr\u00e1b\u011bli d\u00e1rky pro rodi\u010de a prarodi\u010de, u\u017e\u00edvali jsme si \u0161koln\u00ed zahradu. Podnikli jsme sobotn\u00ed v\u00fdlet vlakem do Litom\u011b\u0159ic \u010di za\u017eili indi\u00e1nsk\u00e9 nocov\u00e1n\u00ed v dru\u017ein\u011b. Nechyb\u011blo ani sout\u011b\u017en\u00ed odpoledne ke Dni d\u011bt\u00ed. Zkr\u00e1tka na nudu jsme nem\u011bli \u010das. Ale te\u010f u\u017e se t\u011b\u0161\u00edme na pr\u00e1zdniny <a class=\"read-more\" href=\"https:\/\/zskarlaiv.cz\/?p=38159\">\u010c\u00edst d\u00e1le&#8230;<\/a><\/p>\n","protected":false},"author":1,"featured_media":36195,"comment_status":"closed","ping_status":"open","sticky":false,"template":"","format":"standard","meta":{"ngg_post_thumbnail":0,"footnotes":""},"categories":[71,150],"tags":[],"class_list":["post-38159","post","type-post","status-publish","format-standard","has-post-thumbnail","hentry","category-druzina","category-fotogalerie-2024-25"],"_links":{"self":[{"href":"https:\/\/zskarlaiv.cz\/index.php?rest_route=\/wp\/v2\/posts\/38159","targetHints":{"allow":["GET"]}}],"collection":[{"href":"https:\/\/zskarlaiv.cz\/index.php?rest_route=\/wp\/v2\/posts"}],"about":[{"href":"https:\/\/zskarlaiv.cz\/index.php?rest_route=\/wp\/v2\/types\/post"}],"author":[{"embeddable":true,"href":"https:\/\/zskarlaiv.cz\/index.php?rest_route=\/wp\/v2\/users\/1"}],"replies":[{"embeddable":true,"href":"https:\/\/zskarlaiv.cz\/index.php?rest_route=%2Fwp%2Fv2%2Fcomments&post=38159"}],"version-history":[{"count":1,"href":"https:\/\/zskarlaiv.cz\/index.php?rest_route=\/wp\/v2\/posts\/38159\/revisions"}],"predecessor-version":[{"id":38198,"href":"https:\/\/zskarlaiv.cz\/index.php?rest_route=\/wp\/v2\/posts\/38159\/revisions\/38198"}],"wp:featuredmedia":[{"embeddable":true,"href":"https:\/\/zskarlaiv.cz\/index.php?rest_route=\/wp\/v2\/media\/36195"}],"wp:attachment":[{"href":"https:\/\/zskarlaiv.cz\/index.php?rest_route=%2Fwp%2Fv2%2Fmedia&parent=38159"}],"wp:term":[{"taxonomy":"category","embeddable":true,"href":"https:\/\/zskarlaiv.cz\/index.php?rest_route=%2Fwp%2Fv2%2Fcategories&post=38159"},{"taxonomy":"post_tag","embeddable":true,"href":"https:\/\/zskarlaiv.cz\/index.php?rest_route=%2Fwp%2Fv2%2Ftags&post=38159"}],"curies":[{"name":"wp","href":"https:\/\/api.w.org\/{rel}","templated":true}]}}