{"id":36834,"date":"2025-04-08T08:16:16","date_gmt":"2025-04-08T08:16:16","guid":{"rendered":"http:\/\/zskarlaiv.cz\/?p=36834"},"modified":"2025-04-08T08:16:18","modified_gmt":"2025-04-08T08:16:18","slug":"skanzen-zubrnice-1-b-a-2-b","status":"publish","type":"post","link":"https:\/\/zskarlaiv.cz\/?p=36834","title":{"rendered":"Skanzen Zubrnice 1.B a 2.B"},"content":{"rendered":"<p><span style=\"font-weight: 400;\">\u017d\u00e1ci prvn\u00ed a druh\u00e9 t\u0159\u00eddy se vydali na zaj\u00edmav\u00fd v\u00fdlet do Zubrnic, kde m\u011bli mo\u017enost sezn\u00e1mit se s tradi\u010dn\u00edmi velikono\u010dn\u00edmi zvyky. B\u011bhem n\u00e1v\u0161t\u011bvy&nbsp; skanzenu si d\u011bti prohl\u00e9dly historickou \u0161kolu , dozv\u011bd\u011bly se o velikono\u010dn\u00edch tradic\u00edch a zvyklostech a vyzkou\u0161ely si r\u016fzn\u00e9 rukod\u011bln\u00e9 \u010dinnosti a ochutnaly tradi\u010dn\u00ed velikono\u010dn\u00ed pe\u010divo jid\u00e1\u0161e. V\u00fdlet byl pro d\u011bti nejen pou\u010dn\u00fd, ale i z\u00e1bavn\u00fd, a u\u017e se t\u011b\u0161\u00ed na dal\u0161\u00ed podobn\u00e9 akce.<\/span><\/p>\nngg_shortcode_0_placeholder\n","protected":false},"excerpt":{"rendered":"<p>\u017d\u00e1ci prvn\u00ed a druh\u00e9 t\u0159\u00eddy se vydali na zaj\u00edmav\u00fd v\u00fdlet do Zubrnic, kde m\u011bli mo\u017enost sezn\u00e1mit se s tradi\u010dn\u00edmi velikono\u010dn\u00edmi zvyky. B\u011bhem n\u00e1v\u0161t\u011bvy&nbsp; skanzenu si d\u011bti prohl\u00e9dly historickou \u0161kolu , dozv\u011bd\u011bly se o velikono\u010dn\u00edch tradic\u00edch a zvyklostech a vyzkou\u0161ely si r\u016fzn\u00e9 rukod\u011bln\u00e9 \u010dinnosti a ochutnaly tradi\u010dn\u00ed velikono\u010dn\u00ed pe\u010divo jid\u00e1\u0161e. V\u00fdlet byl pro d\u011bti nejen pou\u010dn\u00fd, <a class=\"read-more\" href=\"https:\/\/zskarlaiv.cz\/?p=36834\">\u010c\u00edst d\u00e1le&#8230;<\/a><\/p>\n","protected":false},"author":1,"featured_media":36194,"comment_status":"closed","ping_status":"open","sticky":false,"template":"","format":"standard","meta":{"ngg_post_thumbnail":0,"footnotes":""},"categories":[133],"tags":[],"class_list":["post-36834","post","type-post","status-publish","format-standard","has-post-thumbnail","hentry","category-stalo-se"],"_links":{"self":[{"href":"https:\/\/zskarlaiv.cz\/index.php?rest_route=\/wp\/v2\/posts\/36834","targetHints":{"allow":["GET"]}}],"collection":[{"href":"https:\/\/zskarlaiv.cz\/index.php?rest_route=\/wp\/v2\/posts"}],"about":[{"href":"https:\/\/zskarlaiv.cz\/index.php?rest_route=\/wp\/v2\/types\/post"}],"author":[{"embeddable":true,"href":"https:\/\/zskarlaiv.cz\/index.php?rest_route=\/wp\/v2\/users\/1"}],"replies":[{"embeddable":true,"href":"https:\/\/zskarlaiv.cz\/index.php?rest_route=%2Fwp%2Fv2%2Fcomments&post=36834"}],"version-history":[{"count":1,"href":"https:\/\/zskarlaiv.cz\/index.php?rest_route=\/wp\/v2\/posts\/36834\/revisions"}],"predecessor-version":[{"id":36865,"href":"https:\/\/zskarlaiv.cz\/index.php?rest_route=\/wp\/v2\/posts\/36834\/revisions\/36865"}],"wp:featuredmedia":[{"embeddable":true,"href":"https:\/\/zskarlaiv.cz\/index.php?rest_route=\/wp\/v2\/media\/36194"}],"wp:attachment":[{"href":"https:\/\/zskarlaiv.cz\/index.php?rest_route=%2Fwp%2Fv2%2Fmedia&parent=36834"}],"wp:term":[{"taxonomy":"category","embeddable":true,"href":"https:\/\/zskarlaiv.cz\/index.php?rest_route=%2Fwp%2Fv2%2Fcategories&post=36834"},{"taxonomy":"post_tag","embeddable":true,"href":"https:\/\/zskarlaiv.cz\/index.php?rest_route=%2Fwp%2Fv2%2Ftags&post=36834"}],"curies":[{"name":"wp","href":"https:\/\/api.w.org\/{rel}","templated":true}]}}