{"id":35961,"date":"2024-12-19T19:37:57","date_gmt":"2024-12-19T19:37:57","guid":{"rendered":"http:\/\/zskarlaiv.cz\/?p=35961"},"modified":"2025-01-05T13:43:33","modified_gmt":"2025-01-05T13:43:33","slug":"ucast-skoly-na-participativnim-rozpoctu","status":"publish","type":"post","link":"https:\/\/zskarlaiv.cz\/?p=35961","title":{"rendered":"\u00da\u010cAST \u0160KOLY NA PARTICIPATIVN\u00cdM ROZPO\u010cTU"},"content":{"rendered":"<p><span style=\"font-weight: 400;\">Na\u0161e \u0161kola byla magistr\u00e1tem vybr\u00e1na, aby se pod\u00edlela na participativn\u00edm rozpo\u010dtu, d\u00edky kter\u00e9mu obdr\u017e\u00edme 50 000 K\u010d. Tuto p\u0159\u00edle\u017eitost v\u0161ak v \u00fasp\u011bch mohli p\u0159etavit pouze \u017e\u00e1ci, kte\u0159\u00ed m\u011bli za \u00fakol vymyslet projekt, do kter\u00e9ho by se obdr\u017een\u00e9 finance investovaly.<\/span><\/p>\n<p><span style=\"font-weight: 400;\">Z\u00e1stupci \u017e\u00e1kovsk\u00e9ho parlamentu informovali spolu\u017e\u00e1ky a t\u0159\u00eddn\u00ed u\u010ditele, a spole\u010dn\u00fdmi silami se pustili do pr\u00e1ce. T\u0159\u00eddy vypracovaly l\u00e1kav\u00e9 plak\u00e1ty, kter\u00e9 obsahovaly propracovan\u00fd rozpo\u010det, obr\u00e1zky a vize. Prvn\u00ed kolo hlasov\u00e1n\u00ed o t\u0159ech projektech prob\u011bhlo v \u017e\u00e1kovsk\u00e9m parlamentu, kde z\u00e1stupci demokraticky odhlasovali t\u0159i projekty, kter\u00e9 se n\u00e1sledn\u011b dostaly do celo\u0161koln\u00edho hlasov\u00e1n\u00ed.<\/span><\/p>\n<p><span style=\"font-weight: 400;\">Fin\u00e1lov\u00e9 projekty parlament vyv\u011bsil ve vestibulu n\u011bkolik dn\u00ed p\u0159ed hlasov\u00e1n\u00edm, aby v\u0161ichni m\u011bli mo\u017enost si projekty prohl\u00e9dnout. Jednalo se o tyto n\u00e1pady: 9. t\u0159\u00edda \u2013 rekonstrukce \u0161atny u j\u00eddelny, 6. A a 7. A \u2013 rekonstrukce venkovn\u00edho h\u0159i\u0161t\u011b, a 8. t\u0159\u00edda \u2013 rekonstrukce kuchy\u0148ky. Celo\u0161koln\u00ed hlasov\u00e1n\u00ed prob\u011bhlo v \u00fater\u00fd 17. 12., a hlasovali (tradi\u010dn\u00edm zp\u016fsobem \u2013 vhozen\u00edm hlasu do p\u0159\u00edslu\u0161n\u00e9 urny) jak \u017e\u00e1ci, pedagogov\u00e9, tak dal\u0161\u00ed \u0161koln\u00ed person\u00e1l. Dozor p\u0159i hlasov\u00e1n\u00ed vykon\u00e1vali z\u00e1stupci parlamentu, kte\u0159\u00ed se po vyu\u010dovac\u00edch hodin\u00e1ch st\u0159\u00eddali. 1. stupe\u0148 m\u011bl mo\u017enost volit od 1. do 2. vyu\u010dovac\u00ed hodiny, 2. stupe\u0148 a zam\u011bstnanci n\u00e1sledn\u011b.<\/span><\/p>\n<p><span style=\"font-weight: 400;\">Na samotn\u00e9 hlasov\u00e1n\u00ed se p\u0159i\u0161el pod\u00edvat i pan Marek Kon\u00ed\u0159, z\u00e1stupce magistr\u00e1tu. \u017d\u00e1kovsk\u00fd parlament n\u00e1sleduj\u00edc\u00ed r\u00e1no se\u010detl hlasy, a v\u00edt\u011bz byl ihned jasn\u00fd \u2013 na pln\u00e9 \u010d\u00e1\u0159e vyhr\u00e1la 8. t\u0159\u00edda s jejich n\u00e1padem na rekonstrukci kuchy\u0148ky. Hotov\u00fd projekt bude realizov\u00e1n do konce roku 2025. V\u00edt\u011bzn\u00e1 t\u0159\u00edda tak\u00e9 obdr\u017e\u00ed 5 000 K\u010d jako odm\u011bnu. Gratulujeme! <\/span><span style=\"font-weight: 400;\">\ud83d\ude0a<\/span><\/p>\n<p><span style=\"font-weight: 400;\">Pan Kon\u00ed\u0159 na\u0161i \u0161kolu takt\u00e9\u017e poctil pozv\u00e1n\u00edm na nahr\u00e1v\u00e1n\u00ed podcastu na Z\u0160 Hlubok\u00e1, kter\u00e9ho se ve st\u0159edu 18. 12. \u00fa\u010dastnili koordin\u00e1torka \u017e\u00e1kovsk\u00e9ho parlamentu Michaela K\u00f6rschnerov\u00e1 a dva z\u00e1stupci parlamentu: Barbora Kate\u0159ina Ujv\u00e1riov\u00e1 (za 9. t\u0159\u00eddu) a Luk\u00e1\u0161 Nov\u00e1k (za 8. t\u0159\u00eddu \u2013 tedy v\u00edt\u011bznou). Na\u0161e \u0161kola si velmi v\u00e1\u017e\u00ed t\u00e9to p\u0159\u00edle\u017eitosti a r\u00e1da poskytne na\u0161e zku\u0161enosti s participativn\u00edm rozpo\u010dtem i dal\u0161\u00edm z\u00e1kladn\u00edm \u0161kol\u00e1m. D\u011bkujeme a t\u011b\u0161\u00edme se na dal\u0161\u00ed mo\u017enou spolupr\u00e1ci s magistr\u00e1tem!<\/span><\/p>\nngg_shortcode_0_placeholder\n","protected":false},"excerpt":{"rendered":"<p>Na\u0161e \u0161kola byla magistr\u00e1tem vybr\u00e1na, aby se pod\u00edlela na participativn\u00edm rozpo\u010dtu, d\u00edky kter\u00e9mu obdr\u017e\u00edme 50 000 K\u010d. Tuto p\u0159\u00edle\u017eitost v\u0161ak v \u00fasp\u011bch mohli p\u0159etavit pouze \u017e\u00e1ci, kte\u0159\u00ed m\u011bli za \u00fakol vymyslet projekt, do kter\u00e9ho by se obdr\u017een\u00e9 finance investovaly. Z\u00e1stupci \u017e\u00e1kovsk\u00e9ho parlamentu informovali spolu\u017e\u00e1ky a t\u0159\u00eddn\u00ed u\u010ditele, a spole\u010dn\u00fdmi silami se pustili do pr\u00e1ce. T\u0159\u00eddy <a class=\"read-more\" href=\"https:\/\/zskarlaiv.cz\/?p=35961\">\u010c\u00edst d\u00e1le&#8230;<\/a><\/p>\n","protected":false},"author":1,"featured_media":36190,"comment_status":"closed","ping_status":"open","sticky":false,"template":"","format":"standard","meta":{"ngg_post_thumbnail":0,"footnotes":""},"categories":[133],"tags":[],"class_list":["post-35961","post","type-post","status-publish","format-standard","has-post-thumbnail","hentry","category-stalo-se"],"_links":{"self":[{"href":"https:\/\/zskarlaiv.cz\/index.php?rest_route=\/wp\/v2\/posts\/35961","targetHints":{"allow":["GET"]}}],"collection":[{"href":"https:\/\/zskarlaiv.cz\/index.php?rest_route=\/wp\/v2\/posts"}],"about":[{"href":"https:\/\/zskarlaiv.cz\/index.php?rest_route=\/wp\/v2\/types\/post"}],"author":[{"embeddable":true,"href":"https:\/\/zskarlaiv.cz\/index.php?rest_route=\/wp\/v2\/users\/1"}],"replies":[{"embeddable":true,"href":"https:\/\/zskarlaiv.cz\/index.php?rest_route=%2Fwp%2Fv2%2Fcomments&post=35961"}],"version-history":[{"count":1,"href":"https:\/\/zskarlaiv.cz\/index.php?rest_route=\/wp\/v2\/posts\/35961\/revisions"}],"predecessor-version":[{"id":35975,"href":"https:\/\/zskarlaiv.cz\/index.php?rest_route=\/wp\/v2\/posts\/35961\/revisions\/35975"}],"wp:featuredmedia":[{"embeddable":true,"href":"https:\/\/zskarlaiv.cz\/index.php?rest_route=\/wp\/v2\/media\/36190"}],"wp:attachment":[{"href":"https:\/\/zskarlaiv.cz\/index.php?rest_route=%2Fwp%2Fv2%2Fmedia&parent=35961"}],"wp:term":[{"taxonomy":"category","embeddable":true,"href":"https:\/\/zskarlaiv.cz\/index.php?rest_route=%2Fwp%2Fv2%2Fcategories&post=35961"},{"taxonomy":"post_tag","embeddable":true,"href":"https:\/\/zskarlaiv.cz\/index.php?rest_route=%2Fwp%2Fv2%2Ftags&post=35961"}],"curies":[{"name":"wp","href":"https:\/\/api.w.org\/{rel}","templated":true}]}}