{"id":35329,"date":"2024-12-03T08:26:28","date_gmt":"2024-12-03T08:26:28","guid":{"rendered":"http:\/\/zskarlaiv.cz\/?p=35329"},"modified":"2024-12-08T19:09:56","modified_gmt":"2024-12-08T19:09:56","slug":"vylet-druhaku-do-usteku-navsteva-pekla-a-certovske-radovanky","status":"publish","type":"post","link":"https:\/\/zskarlaiv.cz\/?p=35329","title":{"rendered":"V\u00fdlet druh\u00e1k\u016f do \u00da\u0161t\u011bku: N\u00e1v\u0161t\u011bva pekla a \u010dertovsk\u00e9 radov\u00e1nky"},"content":{"rendered":"<p>ngg_shortcode_0_placeholder<span style=\"font-weight: 400;\">Na\u0161e druh\u00e1 t\u0159\u00edda se&nbsp; v&nbsp;pond\u011bl\u00ed vydala na nezapomenuteln\u00fd v\u00fdlet do \u00da\u0161t\u011bku, kde nav\u0161t\u00edvila jedine\u010dn\u00e9 Muzeum \u010dert\u016f. Tento v\u00fdjime\u010dn\u00fd z\u00e1\u017eitek p\u0159enesl d\u011bti do sv\u011bta poh\u00e1dek, legend a tro\u0161ku i stra\u0161ideln\u00fdch p\u0159\u00edb\u011bh\u016f.<\/span><\/p>\n<p><span style=\"font-weight: 400;\">V muzeu na d\u011bti \u010dekalo opravdov\u00e9 peklo! Temn\u00e9 chodby, spousta \u010dertovsk\u00fdch artefakt\u016f, a dokonce i samotn\u00ed \u010derti. D\u011bti se b\u011bhem n\u00e1v\u0161t\u011bvy dozv\u011bd\u011bly mnoho zaj\u00edmavost\u00ed o \u010dertovsk\u00fdch zvyc\u00edch, pov\u011br\u00e1ch a poh\u00e1dkov\u00fdch p\u0159\u00edb\u011bz\u00edch. A i kdy\u017e ob\u010das n\u011bkter\u00e9 z n\u00e1s trochu zamrazilo, v\u0161e bylo podan\u00e9 s humorem a tak, aby si ka\u017ed\u00fd n\u00e1v\u0161t\u011bvn\u00edk u\u017eil p\u0159edev\u0161\u00edm z\u00e1bavu.<\/span><\/p>\n<p><span style=\"font-weight: 400;\">Nejv\u011bt\u0161\u00ed nap\u011bt\u00ed panovalo ve chv\u00edli, kdy \u010derti posoudili, zda bylo b\u011bhem roku v\u0161e v po\u0159\u00e1dku. Na\u0161t\u011bst\u00ed se v\u0161ichni mohli s \u010dist\u00fdm sv\u011bdom\u00edm z pekla vr\u00e1tit \u2013 nikoho si \u010derti nenechali, a to ani ty nejv\u011bt\u0161\u00ed ro\u0161\u0165\u00e1ky! D\u011bti si odnesly nejen spoustu z\u00e1\u017eitk\u016f, ale tak\u00e9 pozn\u00e1n\u00ed, \u017ee b\u00fdt hodn\u00fd se opravdu vypl\u00e1c\u00ed.<\/span><\/p>\n<p><span style=\"font-weight: 400;\">V\u00fdlet byl pln\u00fd sm\u00edchu, radosti a kr\u00e1sn\u00fdch okam\u017eik\u016f, na kter\u00e9 d\u011bti budou je\u0161t\u011b dlouho vzpom\u00ednat.&nbsp;<\/span><\/p>\n<p><span style=\"font-weight: 400;\">Douf\u00e1m, \u017ee i dal\u0161\u00ed akce p\u0159inesou stejn\u011b kr\u00e1sn\u00e9 z\u00e1\u017eitky jako tento v\u00fdlet do pekla v \u00da\u0161t\u011bku! \ud83d\udc79\ud83d\udd25<\/span><\/p>\n<p>&nbsp;<\/p>\n","protected":false},"excerpt":{"rendered":"<p>Na\u0161e druh\u00e1 t\u0159\u00edda se&nbsp; v&nbsp;pond\u011bl\u00ed vydala na nezapomenuteln\u00fd v\u00fdlet do \u00da\u0161t\u011bku, kde nav\u0161t\u00edvila jedine\u010dn\u00e9 Muzeum \u010dert\u016f. Tento v\u00fdjime\u010dn\u00fd z\u00e1\u017eitek p\u0159enesl d\u011bti do sv\u011bta poh\u00e1dek, legend a tro\u0161ku i stra\u0161ideln\u00fdch p\u0159\u00edb\u011bh\u016f. V muzeu na d\u011bti \u010dekalo opravdov\u00e9 peklo! Temn\u00e9 chodby, spousta \u010dertovsk\u00fdch artefakt\u016f, a dokonce i samotn\u00ed \u010derti. D\u011bti se b\u011bhem n\u00e1v\u0161t\u011bvy dozv\u011bd\u011bly mnoho zaj\u00edmavost\u00ed o <a class=\"read-more\" href=\"https:\/\/zskarlaiv.cz\/?p=35329\">\u010c\u00edst d\u00e1le&#8230;<\/a><\/p>\n","protected":false},"author":1,"featured_media":0,"comment_status":"closed","ping_status":"open","sticky":false,"template":"","format":"standard","meta":{"ngg_post_thumbnail":0,"footnotes":""},"categories":[133],"tags":[],"class_list":["post-35329","post","type-post","status-publish","format-standard","hentry","category-stalo-se"],"_links":{"self":[{"href":"https:\/\/zskarlaiv.cz\/index.php?rest_route=\/wp\/v2\/posts\/35329","targetHints":{"allow":["GET"]}}],"collection":[{"href":"https:\/\/zskarlaiv.cz\/index.php?rest_route=\/wp\/v2\/posts"}],"about":[{"href":"https:\/\/zskarlaiv.cz\/index.php?rest_route=\/wp\/v2\/types\/post"}],"author":[{"embeddable":true,"href":"https:\/\/zskarlaiv.cz\/index.php?rest_route=\/wp\/v2\/users\/1"}],"replies":[{"embeddable":true,"href":"https:\/\/zskarlaiv.cz\/index.php?rest_route=%2Fwp%2Fv2%2Fcomments&post=35329"}],"version-history":[{"count":1,"href":"https:\/\/zskarlaiv.cz\/index.php?rest_route=\/wp\/v2\/posts\/35329\/revisions"}],"predecessor-version":[{"id":35358,"href":"https:\/\/zskarlaiv.cz\/index.php?rest_route=\/wp\/v2\/posts\/35329\/revisions\/35358"}],"wp:attachment":[{"href":"https:\/\/zskarlaiv.cz\/index.php?rest_route=%2Fwp%2Fv2%2Fmedia&parent=35329"}],"wp:term":[{"taxonomy":"category","embeddable":true,"href":"https:\/\/zskarlaiv.cz\/index.php?rest_route=%2Fwp%2Fv2%2Fcategories&post=35329"},{"taxonomy":"post_tag","embeddable":true,"href":"https:\/\/zskarlaiv.cz\/index.php?rest_route=%2Fwp%2Fv2%2Ftags&post=35329"}],"curies":[{"name":"wp","href":"https:\/\/api.w.org\/{rel}","templated":true}]}}