{"id":35266,"date":"2024-11-26T09:02:59","date_gmt":"2024-11-26T09:02:59","guid":{"rendered":"http:\/\/zskarlaiv.cz\/?p=35266"},"modified":"2024-12-08T19:11:10","modified_gmt":"2024-12-08T19:11:10","slug":"adventni-vylet-do-zubrnic-druhe-tridy","status":"publish","type":"post","link":"https:\/\/zskarlaiv.cz\/?p=35266","title":{"rendered":"Adventn\u00ed v\u00fdlet do Zubrnic \u2013 druh\u00e9 t\u0159\u00eddy"},"content":{"rendered":"<p><span style=\"font-weight: 400;\">Adventn\u00ed \u010das je obdob\u00edm klidu, radosti a p\u0159\u00edpravy na V\u00e1noce. N\u00e1\u0161 v\u00fdlet do malebn\u00e9 vesni\u010dky Zubrnice tento duch dokonale vystihl. Den byl pln\u00fd kouzeln\u00fdch z\u00e1\u017eitk\u016f, tradi\u010dn\u00edch zvyk\u016f a pohody, kterou adventn\u00ed atmosf\u00e9ra p\u0159in\u00e1\u0161\u00ed.<\/span><\/p>\n<p><span style=\"font-weight: 400;\">Hned po p\u0159\u00edjezdu n\u00e1s p\u0159iv\u00edtala v\u016fn\u011b \u010derstv\u011b pe\u010den\u00e9ho cukrov\u00ed. V jedn\u00e9 z historick\u00fdch chalup jsme si vyzkou\u0161eli v\u00fdrobu vanilkov\u00fdch rohl\u00ed\u010dk\u016f. Ka\u017ed\u00fd si mohl vyv\u00e1let t\u011bsto, vykrajovat r\u016fzn\u00e9 tvary a nakonec sledovat, jak se z trouby line l\u00e1kav\u00e1 v\u016fn\u011b.<\/span><\/p>\n<p><span style=\"font-weight: 400;\">V&nbsp;dal\u0161\u00ed \u010d\u00e1sti jsme se p\u0159ipojili k d\u00edln\u011b na v\u00fdrobu zvone\u010dk\u016f. Mal\u00e9 zvonky z t\u011bsta jsme zdobili rolni\u010dkou a ma\u0161li\u010dkou . Byla to nejen kreativn\u00ed z\u00e1bava, ale tak\u00e9 kr\u00e1sn\u00e1 vzpom\u00ednka na v\u00fdlet, kterou si ka\u017ed\u00fd odnesl dom\u016f.<\/span><\/p>\n<p><span style=\"font-weight: 400;\">Velk\u00fdm z\u00e1\u017eitkem bylo i divadeln\u00ed p\u0159edstaven\u00ed v historick\u00e9 \u0161koln\u00ed budov\u011b. Herci n\u00e1s zavedli do doby, kdy adventn\u00ed zvyky byly ned\u00edlnou sou\u010d\u00e1st\u00ed ka\u017edodenn\u00edho \u017eivota. P\u0159edstaven\u00ed bylo nejen pou\u010dn\u00e9, ale tak\u00e9 dojemn\u00e9 \u2013 p\u0159ipomn\u011blo n\u00e1m hodnotu tradic a sd\u00edlen\u00ed \u010dasu s rodinou.<\/span><\/p>\n<p><span style=\"font-weight: 400;\">V\u00fdlet jsme zakon\u010dili n\u00e1v\u0161t\u011bvou kostela, kde jsme zp\u00edvali koledy. V\u0161echny hlasy se spojily v jedn\u00e9 melodii, kter\u00e1 prostupovala tich\u00fdmi zdmi kostela a vytv\u00e1\u0159ela neuv\u011b\u0159iteln\u011b klidnou a radostnou atmosf\u00e9ru. Nechyb\u011bl ani ztv\u00e1rn\u011bn\u00fd betl\u00e9m, kter\u00fd n\u00e1m p\u0159ipomn\u011bl prav\u00fd v\u00fdznam V\u00e1noc.<\/span><\/p>\n<p><span style=\"font-weight: 400;\">V\u00fdlet do Zubrnic byl jako n\u00e1vrat v \u010dase \u2013 uk\u00e1zal n\u00e1m, \u017ee i v dne\u0161n\u00ed usp\u011bchan\u00e9 dob\u011b je d\u016fle\u017eit\u00e9 se na chv\u00edli zastavit, v\u011bnovat se tradi\u010dn\u00edm zvyk\u016fm a nas\u00e1vat kouzlo adventn\u00edho \u010dasu. Zubrnice n\u00e1s pohladily po du\u0161i a p\u0159ipravily na p\u0159\u00edchod V\u00e1noc s radost\u00ed a klidem v srdci.<\/span><\/p>\n<p><span style=\"font-weight: 400;\">Mgr. Jitka Mat\u011bjkov\u00e1, Mgr. Dana Srnkov\u00e1<\/span><\/p>\nngg_shortcode_0_placeholder\n","protected":false},"excerpt":{"rendered":"<p>Adventn\u00ed \u010das je obdob\u00edm klidu, radosti a p\u0159\u00edpravy na V\u00e1noce. N\u00e1\u0161 v\u00fdlet do malebn\u00e9 vesni\u010dky Zubrnice tento duch dokonale vystihl. Den byl pln\u00fd kouzeln\u00fdch z\u00e1\u017eitk\u016f, tradi\u010dn\u00edch zvyk\u016f a pohody, kterou adventn\u00ed atmosf\u00e9ra p\u0159in\u00e1\u0161\u00ed. Hned po p\u0159\u00edjezdu n\u00e1s p\u0159iv\u00edtala v\u016fn\u011b \u010derstv\u011b pe\u010den\u00e9ho cukrov\u00ed. V jedn\u00e9 z historick\u00fdch chalup jsme si vyzkou\u0161eli v\u00fdrobu vanilkov\u00fdch rohl\u00ed\u010dk\u016f. Ka\u017ed\u00fd si <a class=\"read-more\" href=\"https:\/\/zskarlaiv.cz\/?p=35266\">\u010c\u00edst d\u00e1le&#8230;<\/a><\/p>\n","protected":false},"author":1,"featured_media":0,"comment_status":"closed","ping_status":"open","sticky":false,"template":"","format":"standard","meta":{"ngg_post_thumbnail":0,"footnotes":""},"categories":[147,133],"tags":[],"class_list":["post-35266","post","type-post","status-publish","format-standard","hentry","category-spolecne","category-stalo-se"],"_links":{"self":[{"href":"https:\/\/zskarlaiv.cz\/index.php?rest_route=\/wp\/v2\/posts\/35266","targetHints":{"allow":["GET"]}}],"collection":[{"href":"https:\/\/zskarlaiv.cz\/index.php?rest_route=\/wp\/v2\/posts"}],"about":[{"href":"https:\/\/zskarlaiv.cz\/index.php?rest_route=\/wp\/v2\/types\/post"}],"author":[{"embeddable":true,"href":"https:\/\/zskarlaiv.cz\/index.php?rest_route=\/wp\/v2\/users\/1"}],"replies":[{"embeddable":true,"href":"https:\/\/zskarlaiv.cz\/index.php?rest_route=%2Fwp%2Fv2%2Fcomments&post=35266"}],"version-history":[{"count":1,"href":"https:\/\/zskarlaiv.cz\/index.php?rest_route=\/wp\/v2\/posts\/35266\/revisions"}],"predecessor-version":[{"id":35303,"href":"https:\/\/zskarlaiv.cz\/index.php?rest_route=\/wp\/v2\/posts\/35266\/revisions\/35303"}],"wp:attachment":[{"href":"https:\/\/zskarlaiv.cz\/index.php?rest_route=%2Fwp%2Fv2%2Fmedia&parent=35266"}],"wp:term":[{"taxonomy":"category","embeddable":true,"href":"https:\/\/zskarlaiv.cz\/index.php?rest_route=%2Fwp%2Fv2%2Fcategories&post=35266"},{"taxonomy":"post_tag","embeddable":true,"href":"https:\/\/zskarlaiv.cz\/index.php?rest_route=%2Fwp%2Fv2%2Ftags&post=35266"}],"curies":[{"name":"wp","href":"https:\/\/api.w.org\/{rel}","templated":true}]}}